{"id":52,"date":"2026-01-20T18:16:29","date_gmt":"2026-01-20T18:16:29","guid":{"rendered":"https:\/\/www.visitebeaujolais.fr\/index.php\/2026\/01\/20\/himalaya\/"},"modified":"2026-02-03T14:21:00","modified_gmt":"2026-02-03T14:21:00","slug":"himalaya","status":"publish","type":"post","link":"https:\/\/www.visitebeaujolais.fr\/index.php\/2026\/01\/20\/himalaya\/","title":{"rendered":"La croix de Rochefort"},"content":{"rendered":"\n<p class=\"has-text-align-center has-medium-font-size\">Balade \u00e0 la Croix de Rochefort entre Beaujeu et Avenas. <\/p>\n\n\n\n<p class=\"has-text-align-center\">Partez \u00e0 la d\u00e9couverte de la Croix de Rochefort, futur g\u00e9osite du G\u00e9oparc Beaujolais. Le sentier monte tranquillement, l&#8217;occasion d&#8217;apprendre \u00e0 reconna\u00eetre les esp\u00e8ces qui font notre belle for\u00eat Beaujolaise. Le panorama est le clou du spectacle. Un petit condens\u00e9 de g\u00e9ologie. Un balade accessible et pleine de charme pour d\u00e9couvrir un petit joyau cach\u00e9 du Beaujolais. Entre jeux de piste, et lecture de paysage<\/p>\n\n\n\n<p class=\"has-text-align-center\">La balade dure 1h30.<\/p>\n\n\n\n<p class=\"has-text-align-center\">Convient aux cycles 2 et 3 \u00e9cole \u00e9l\u00e9mentaire et coll\u00e8ge. <\/p>\n\n\n\n<div class=\"wp-block-group is-layout-grid wp-container-core-group-is-layout-478b6e6b wp-block-group-is-layout-grid\">\n<div class=\"wp-block-group is-layout-grid wp-container-core-group-is-layout-478b6e6b wp-block-group-is-layout-grid\">\n<figure class=\"wp-block-gallery has-nested-images columns-default is-cropped wp-block-gallery-1 is-layout-flex wp-block-gallery-is-layout-flex\">\n<figure class=\"wp-block-image size-large\"><img loading=\"lazy\" decoding=\"async\" width=\"461\" height=\"1024\" data-id=\"101\" src=\"https:\/\/www.visitebeaujolais.fr\/wp-content\/uploads\/2026\/01\/IMG_20251201_110632-461x1024.jpg\" alt=\"\" class=\"wp-image-101\" srcset=\"https:\/\/www.visitebeaujolais.fr\/wp-content\/uploads\/2026\/01\/IMG_20251201_110632-461x1024.jpg 461w, https:\/\/www.visitebeaujolais.fr\/wp-content\/uploads\/2026\/01\/IMG_20251201_110632-135x300.jpg 135w, https:\/\/www.visitebeaujolais.fr\/wp-content\/uploads\/2026\/01\/IMG_20251201_110632-768x1707.jpg 768w, https:\/\/www.visitebeaujolais.fr\/wp-content\/uploads\/2026\/01\/IMG_20251201_110632-691x1536.jpg 691w, https:\/\/www.visitebeaujolais.fr\/wp-content\/uploads\/2026\/01\/IMG_20251201_110632-922x2048.jpg 922w, https:\/\/www.visitebeaujolais.fr\/wp-content\/uploads\/2026\/01\/IMG_20251201_110632-scaled.jpg 1152w\" sizes=\"auto, (max-width: 461px) 100vw, 461px\" \/><\/figure>\n<\/figure>\n<\/div>\n\n\n\n<figure class=\"wp-block-gallery has-nested-images columns-default is-cropped wp-block-gallery-2 is-layout-flex wp-block-gallery-is-layout-flex\">\n<figure class=\"wp-block-image size-large\"><img loading=\"lazy\" decoding=\"async\" width=\"1024\" height=\"461\" data-id=\"102\" src=\"https:\/\/www.visitebeaujolais.fr\/wp-content\/uploads\/2026\/01\/IMG_20251201_105553-1024x461.jpg\" alt=\"\" class=\"wp-image-102\" srcset=\"https:\/\/www.visitebeaujolais.fr\/wp-content\/uploads\/2026\/01\/IMG_20251201_105553-1024x461.jpg 1024w, https:\/\/www.visitebeaujolais.fr\/wp-content\/uploads\/2026\/01\/IMG_20251201_105553-300x135.jpg 300w, https:\/\/www.visitebeaujolais.fr\/wp-content\/uploads\/2026\/01\/IMG_20251201_105553-768x346.jpg 768w, https:\/\/www.visitebeaujolais.fr\/wp-content\/uploads\/2026\/01\/IMG_20251201_105553-1536x691.jpg 1536w, https:\/\/www.visitebeaujolais.fr\/wp-content\/uploads\/2026\/01\/IMG_20251201_105553-2048x922.jpg 2048w\" sizes=\"auto, (max-width: 1024px) 100vw, 1024px\" \/><\/figure>\n<\/figure>\n\n\n\n<figure class=\"wp-block-gallery has-nested-images columns-default is-cropped wp-block-gallery-3 is-layout-flex wp-block-gallery-is-layout-flex\">\n<figure class=\"wp-block-image size-large\"><img loading=\"lazy\" decoding=\"async\" width=\"1024\" height=\"461\" data-id=\"103\" src=\"https:\/\/www.visitebeaujolais.fr\/wp-content\/uploads\/2026\/01\/IMG_20251201_110122-1024x461.jpg\" alt=\"\" class=\"wp-image-103\" srcset=\"https:\/\/www.visitebeaujolais.fr\/wp-content\/uploads\/2026\/01\/IMG_20251201_110122-1024x461.jpg 1024w, https:\/\/www.visitebeaujolais.fr\/wp-content\/uploads\/2026\/01\/IMG_20251201_110122-300x135.jpg 300w, https:\/\/www.visitebeaujolais.fr\/wp-content\/uploads\/2026\/01\/IMG_20251201_110122-768x346.jpg 768w, https:\/\/www.visitebeaujolais.fr\/wp-content\/uploads\/2026\/01\/IMG_20251201_110122-1536x691.jpg 1536w, https:\/\/www.visitebeaujolais.fr\/wp-content\/uploads\/2026\/01\/IMG_20251201_110122-2048x922.jpg 2048w\" sizes=\"auto, (max-width: 1024px) 100vw, 1024px\" \/><\/figure>\n<\/figure>\n\n\n\n<figure class=\"wp-block-gallery has-nested-images columns-default is-cropped wp-block-gallery-4 is-layout-flex wp-block-gallery-is-layout-flex\">\n<figure class=\"wp-block-image size-large\"><img loading=\"lazy\" decoding=\"async\" width=\"1024\" height=\"461\" data-id=\"104\" src=\"https:\/\/www.visitebeaujolais.fr\/wp-content\/uploads\/2026\/01\/IMG_20240723_095051-1024x461.jpg\" alt=\"\" class=\"wp-image-104\" srcset=\"https:\/\/www.visitebeaujolais.fr\/wp-content\/uploads\/2026\/01\/IMG_20240723_095051-1024x461.jpg 1024w, https:\/\/www.visitebeaujolais.fr\/wp-content\/uploads\/2026\/01\/IMG_20240723_095051-300x135.jpg 300w, https:\/\/www.visitebeaujolais.fr\/wp-content\/uploads\/2026\/01\/IMG_20240723_095051-768x346.jpg 768w, https:\/\/www.visitebeaujolais.fr\/wp-content\/uploads\/2026\/01\/IMG_20240723_095051-1536x691.jpg 1536w, https:\/\/www.visitebeaujolais.fr\/wp-content\/uploads\/2026\/01\/IMG_20240723_095051-2048x922.jpg 2048w\" sizes=\"auto, (max-width: 1024px) 100vw, 1024px\" \/><\/figure>\n<\/figure>\n<\/div>\n","protected":false},"excerpt":{"rendered":"<p>Balade \u00e0 la Croix de Rochefort entre Beaujeu et Avenas. Partez \u00e0 la d\u00e9couverte de la Croix de Rochefort, futur g\u00e9osite du G\u00e9oparc Beaujolais. Le sentier monte tranquillement, l&#8217;occasion d&#8217;apprendre \u00e0 reconna\u00eetre les esp\u00e8ces qui font notre belle for\u00eat Beaujolaise. Le panorama est le clou du spectacle. Un petit condens\u00e9 de g\u00e9ologie. Un balade accessible [&hellip;]<\/p>\n","protected":false},"author":1,"featured_media":75,"comment_status":"open","ping_status":"open","sticky":false,"template":"","format":"standard","meta":{"footnotes":""},"categories":[20],"tags":[21],"class_list":["post-52","post","type-post","status-publish","format-standard","has-post-thumbnail","hentry","category-second","tag-second"],"_links":{"self":[{"href":"https:\/\/www.visitebeaujolais.fr\/index.php\/wp-json\/wp\/v2\/posts\/52","targetHints":{"allow":["GET"]}}],"collection":[{"href":"https:\/\/www.visitebeaujolais.fr\/index.php\/wp-json\/wp\/v2\/posts"}],"about":[{"href":"https:\/\/www.visitebeaujolais.fr\/index.php\/wp-json\/wp\/v2\/types\/post"}],"author":[{"embeddable":true,"href":"https:\/\/www.visitebeaujolais.fr\/index.php\/wp-json\/wp\/v2\/users\/1"}],"replies":[{"embeddable":true,"href":"https:\/\/www.visitebeaujolais.fr\/index.php\/wp-json\/wp\/v2\/comments?post=52"}],"version-history":[{"count":3,"href":"https:\/\/www.visitebeaujolais.fr\/index.php\/wp-json\/wp\/v2\/posts\/52\/revisions"}],"predecessor-version":[{"id":105,"href":"https:\/\/www.visitebeaujolais.fr\/index.php\/wp-json\/wp\/v2\/posts\/52\/revisions\/105"}],"wp:featuredmedia":[{"embeddable":true,"href":"https:\/\/www.visitebeaujolais.fr\/index.php\/wp-json\/wp\/v2\/media\/75"}],"wp:attachment":[{"href":"https:\/\/www.visitebeaujolais.fr\/index.php\/wp-json\/wp\/v2\/media?parent=52"}],"wp:term":[{"taxonomy":"category","embeddable":true,"href":"https:\/\/www.visitebeaujolais.fr\/index.php\/wp-json\/wp\/v2\/categories?post=52"},{"taxonomy":"post_tag","embeddable":true,"href":"https:\/\/www.visitebeaujolais.fr\/index.php\/wp-json\/wp\/v2\/tags?post=52"}],"curies":[{"name":"wp","href":"https:\/\/api.w.org\/{rel}","templated":true}]}}